{"id":887,"date":"2026-04-30T11:45:51","date_gmt":"2026-04-30T09:45:51","guid":{"rendered":"https:\/\/mejoracoopclm.com\/edicion3\/?p=887"},"modified":"2026-04-30T11:45:51","modified_gmt":"2026-04-30T09:45:51","slug":"reunion-de-coordinacion-del-proyecto-mejoracoop-3-0-2","status":"publish","type":"post","link":"https:\/\/mejoracoopclm.com\/edicion3\/reunion-de-coordinacion-del-proyecto-mejoracoop-3-0-2\/","title":{"rendered":"Reuni\u00f3n de coordinaci\u00f3n del proyecto MEJORACOOP 3.0"},"content":{"rendered":"<p data-start=\"79\" data-end=\"261\">El pasado <strong data-start=\"89\" data-end=\"104\">28 de abril<\/strong> tuvo lugar una nueva <strong data-start=\"126\" data-end=\"181\">reuni\u00f3n de coordinaci\u00f3n del proyecto MEJORACOOP 3.0<\/strong>, celebrada de forma telem\u00e1tica a trav\u00e9s de la plataforma <strong data-start=\"239\" data-end=\"258\">Microsoft Teams<\/strong>.<\/p>\n<p data-start=\"263\" data-end=\"567\">Durante el encuentro se abordaron diversos aspectos clave relacionados con el desarrollo del proyecto, entre ellos el <strong data-start=\"381\" data-end=\"424\">seguimiento de las actuaciones en curso<\/strong> y la <strong data-start=\"430\" data-end=\"489\">supervisi\u00f3n del trabajo realizado por cada departamento<\/strong>, con el objetivo de garantizar el correcto avance y ejecuci\u00f3n del programa.<\/p>\n<p data-start=\"569\" data-end=\"704\">Asimismo, se trataron otros temas de inter\u00e9s general vinculados a la planificaci\u00f3n y organizaci\u00f3n de las pr\u00f3ximas acciones previstas.<\/p>\n<p data-start=\"706\" data-end=\"922\" data-is-last-node=\"\" data-is-only-node=\"\">Esta reuni\u00f3n ha permitido <strong data-start=\"732\" data-end=\"809\">coordinar esfuerzos, compartir avances y reforzar la colaboraci\u00f3n interna<\/strong>, asegurando una gesti\u00f3n eficaz y alineada con los objetivos establecidos dentro del marco de <strong data-start=\"903\" data-end=\"921\">MEJORACOOP 3.0<\/strong>.<\/p>\n","protected":false},"excerpt":{"rendered":"<p>El pasado 28 de abril tuvo lugar una nueva reuni\u00f3n de coordinaci\u00f3n del proyecto MEJORACOOP 3.0, celebrada de forma telem\u00e1tica a trav\u00e9s de la plataforma Microsoft Teams. Durante el encuentro se abordaron diversos aspectos clave relacionados con el desarrollo del proyecto, entre ellos el seguimiento de las actuaciones en curso y la supervisi\u00f3n del trabajo [&hellip;]<\/p>\n","protected":false},"author":2,"featured_media":888,"comment_status":"closed","ping_status":"closed","sticky":false,"template":"","format":"standard","meta":{"_et_pb_use_builder":"","_et_pb_old_content":"","_et_gb_content_width":"","footnotes":""},"categories":[13],"tags":[],"class_list":["post-887","post","type-post","status-publish","format-standard","has-post-thumbnail","hentry","category-coordinacion"],"_links":{"self":[{"href":"https:\/\/mejoracoopclm.com\/edicion3\/wp-json\/wp\/v2\/posts\/887","targetHints":{"allow":["GET"]}}],"collection":[{"href":"https:\/\/mejoracoopclm.com\/edicion3\/wp-json\/wp\/v2\/posts"}],"about":[{"href":"https:\/\/mejoracoopclm.com\/edicion3\/wp-json\/wp\/v2\/types\/post"}],"author":[{"embeddable":true,"href":"https:\/\/mejoracoopclm.com\/edicion3\/wp-json\/wp\/v2\/users\/2"}],"replies":[{"embeddable":true,"href":"https:\/\/mejoracoopclm.com\/edicion3\/wp-json\/wp\/v2\/comments?post=887"}],"version-history":[{"count":1,"href":"https:\/\/mejoracoopclm.com\/edicion3\/wp-json\/wp\/v2\/posts\/887\/revisions"}],"predecessor-version":[{"id":889,"href":"https:\/\/mejoracoopclm.com\/edicion3\/wp-json\/wp\/v2\/posts\/887\/revisions\/889"}],"wp:featuredmedia":[{"embeddable":true,"href":"https:\/\/mejoracoopclm.com\/edicion3\/wp-json\/wp\/v2\/media\/888"}],"wp:attachment":[{"href":"https:\/\/mejoracoopclm.com\/edicion3\/wp-json\/wp\/v2\/media?parent=887"}],"wp:term":[{"taxonomy":"category","embeddable":true,"href":"https:\/\/mejoracoopclm.com\/edicion3\/wp-json\/wp\/v2\/categories?post=887"},{"taxonomy":"post_tag","embeddable":true,"href":"https:\/\/mejoracoopclm.com\/edicion3\/wp-json\/wp\/v2\/tags?post=887"}],"curies":[{"name":"wp","href":"https:\/\/api.w.org\/{rel}","templated":true}]}}