{"id":979,"date":"2026-09-02T14:50:32","date_gmt":"2026-09-02T12:50:32","guid":{"rendered":"https:\/\/mejoracoopclm.com\/edicion3\/?p=979"},"modified":"2026-09-02T14:50:32","modified_gmt":"2026-09-02T12:50:32","slug":"el-progreso-y-vinedos-de-camarena-avanzan-en-su-colaboracion-intercooperativa","status":"publish","type":"post","link":"https:\/\/mejoracoopclm.com\/edicion3\/el-progreso-y-vinedos-de-camarena-avanzan-en-su-colaboracion-intercooperativa\/","title":{"rendered":"El Progreso y Vi\u00f1edos de Camarena avanzan en su colaboraci\u00f3n intercooperativa"},"content":{"rendered":"<p class=\"PDq2pG_selectionAnchorContainer\" data-start=\"110\" data-end=\"415\">El pasado <strong data-start=\"120\" data-end=\"144\">13 de agosto de 2026<\/strong>, la Asamblea General de la <strong data-start=\"172\" data-end=\"199\">Cooperativa El Progreso<\/strong>, de Villarrubia de los Ojos (Ciudad Real), aprob\u00f3 el <strong data-start=\"253\" data-end=\"320\">acuerdo intercooperativo con la Cooperativa Vi\u00f1edos de Camarena<\/strong>, de Camarena (Toledo), dando un nuevo paso hacia una mayor colaboraci\u00f3n entre ambas entidades.<\/p>\n<p data-start=\"417\" data-end=\"651\">Este acuerdo permitir\u00e1 afrontar <strong data-start=\"449\" data-end=\"504\">de forma conjunta la gesti\u00f3n de la campa\u00f1a vin\u00edcola<\/strong>, concentrando esfuerzos, optimizando recursos y reforzando la capacidad de respuesta comercial ante los retos actuales del sector agroalimentario.<\/p>\n<p data-start=\"653\" data-end=\"916\">La colaboraci\u00f3n intercooperativa representa adem\u00e1s una oportunidad para fortalecer la actividad econ\u00f3mica y social de ambos territorios, contribuyendo a generar un modelo empresarial m\u00e1s eficiente y sostenible en zonas especialmente afectadas por la despoblaci\u00f3n.<\/p>\n<p data-start=\"918\" data-end=\"1236\">Desde <strong data-start=\"924\" data-end=\"980\">Cooperativas Agro-alimentarias de Castilla-La Mancha<\/strong> felicitamos a los Consejos Rectores y a todas las personas socias por su compromiso con el futuro del cooperativismo y por apostar por f\u00f3rmulas de colaboraci\u00f3n que permiten <strong data-start=\"1154\" data-end=\"1235\">ganar competitividad, optimizar recursos y fortalecer el proyecto cooperativo<\/strong>.<\/p>\n<p data-start=\"1238\" data-end=\"1472\" data-is-last-node=\"\" data-is-only-node=\"\">Seguimos trabajando, a trav\u00e9s de <strong data-start=\"1271\" data-end=\"1289\">MEJORACOOP 3.0<\/strong>, para acompa\u00f1ar a nuestras cooperativas en el desarrollo de procesos de integraci\u00f3n e intercooperaci\u00f3n que contribuyan a construir un sector agroalimentario m\u00e1s s\u00f3lido y competitivo.<\/p>\n","protected":false},"excerpt":{"rendered":"<p>El pasado 13 de agosto de 2026, la Asamblea General de la Cooperativa El Progreso, de Villarrubia de los Ojos (Ciudad Real), aprob\u00f3 el acuerdo intercooperativo con la Cooperativa Vi\u00f1edos de Camarena, de Camarena (Toledo), dando un nuevo paso hacia una mayor colaboraci\u00f3n entre ambas entidades. Este acuerdo permitir\u00e1 afrontar de forma conjunta la gesti\u00f3n [&hellip;]<\/p>\n","protected":false},"author":2,"featured_media":980,"comment_status":"closed","ping_status":"closed","sticky":false,"template":"","format":"standard","meta":{"_et_pb_use_builder":"","_et_pb_old_content":"","_et_gb_content_width":"","footnotes":""},"categories":[1],"tags":[],"class_list":["post-979","post","type-post","status-publish","format-standard","has-post-thumbnail","hentry","category-actuaciones-cooperativas"],"_links":{"self":[{"href":"https:\/\/mejoracoopclm.com\/edicion3\/wp-json\/wp\/v2\/posts\/979","targetHints":{"allow":["GET"]}}],"collection":[{"href":"https:\/\/mejoracoopclm.com\/edicion3\/wp-json\/wp\/v2\/posts"}],"about":[{"href":"https:\/\/mejoracoopclm.com\/edicion3\/wp-json\/wp\/v2\/types\/post"}],"author":[{"embeddable":true,"href":"https:\/\/mejoracoopclm.com\/edicion3\/wp-json\/wp\/v2\/users\/2"}],"replies":[{"embeddable":true,"href":"https:\/\/mejoracoopclm.com\/edicion3\/wp-json\/wp\/v2\/comments?post=979"}],"version-history":[{"count":1,"href":"https:\/\/mejoracoopclm.com\/edicion3\/wp-json\/wp\/v2\/posts\/979\/revisions"}],"predecessor-version":[{"id":981,"href":"https:\/\/mejoracoopclm.com\/edicion3\/wp-json\/wp\/v2\/posts\/979\/revisions\/981"}],"wp:featuredmedia":[{"embeddable":true,"href":"https:\/\/mejoracoopclm.com\/edicion3\/wp-json\/wp\/v2\/media\/980"}],"wp:attachment":[{"href":"https:\/\/mejoracoopclm.com\/edicion3\/wp-json\/wp\/v2\/media?parent=979"}],"wp:term":[{"taxonomy":"category","embeddable":true,"href":"https:\/\/mejoracoopclm.com\/edicion3\/wp-json\/wp\/v2\/categories?post=979"},{"taxonomy":"post_tag","embeddable":true,"href":"https:\/\/mejoracoopclm.com\/edicion3\/wp-json\/wp\/v2\/tags?post=979"}],"curies":[{"name":"wp","href":"https:\/\/api.w.org\/{rel}","templated":true}]}}